{"id":1408,"date":"2022-12-08T18:17:45","date_gmt":"2022-12-08T18:17:45","guid":{"rendered":"https:\/\/spn320.mirzamperez.sites.grinnell.edu\/fall-2022\/?p=1408"},"modified":"2022-12-08T18:17:45","modified_gmt":"2022-12-08T18:17:45","slug":"el-problema-con-la-musica-urban","status":"publish","type":"post","link":"https:\/\/spn320.mirzamperez.sites.grinnell.edu\/fall-2022\/uncategorized\/el-problema-con-la-musica-urban\/","title":{"rendered":"El problema con la m\u00fasica &#8220;urban&#8221;"},"content":{"rendered":"<p><img fetchpriority=\"high\" decoding=\"async\" class=\"wp-image-1418 aligncenter\" src=\"https:\/\/spn320.mirzamperez.sites.grinnell.edu\/fall-2022\/wp-content\/uploads\/2022\/12\/karina-carvalho-6CTgu2lP_c0-unsplash-scaled.jpg\" alt=\"\" width=\"1004\" height=\"669\" srcset=\"https:\/\/spn320.mirzamperez.sites.grinnell.edu\/fall-2022\/wp-content\/uploads\/2022\/12\/karina-carvalho-6CTgu2lP_c0-unsplash-scaled.jpg 2560w, https:\/\/spn320.mirzamperez.sites.grinnell.edu\/fall-2022\/wp-content\/uploads\/2022\/12\/karina-carvalho-6CTgu2lP_c0-unsplash-300x200.jpg 300w, https:\/\/spn320.mirzamperez.sites.grinnell.edu\/fall-2022\/wp-content\/uploads\/2022\/12\/karina-carvalho-6CTgu2lP_c0-unsplash-1024x683.jpg 1024w, https:\/\/spn320.mirzamperez.sites.grinnell.edu\/fall-2022\/wp-content\/uploads\/2022\/12\/karina-carvalho-6CTgu2lP_c0-unsplash-768x512.jpg 768w, https:\/\/spn320.mirzamperez.sites.grinnell.edu\/fall-2022\/wp-content\/uploads\/2022\/12\/karina-carvalho-6CTgu2lP_c0-unsplash-1536x1024.jpg 1536w, https:\/\/spn320.mirzamperez.sites.grinnell.edu\/fall-2022\/wp-content\/uploads\/2022\/12\/karina-carvalho-6CTgu2lP_c0-unsplash-2048x1365.jpg 2048w, https:\/\/spn320.mirzamperez.sites.grinnell.edu\/fall-2022\/wp-content\/uploads\/2022\/12\/karina-carvalho-6CTgu2lP_c0-unsplash-676x451.jpg 676w\" sizes=\"(max-width: 1004px) 100vw, 1004px\" \/><\/p>\n<p><span style=\"font-weight: 400\">1974: Frankie Crocker, un locutor de radio negro, crea la categor\u00eda \u201curban contemporary\u201d para facilitar la difusi\u00f3n de m\u00fasica de artistas negras a una audiencia blanca de la cultura dominante. Previamente conocido como \u201crace music,\u201d este renombrar permiti\u00f3 la separaci\u00f3n del m\u00fasico negro y su m\u00fasica, haci\u00e9ndolo m\u00e1s agradable y lucrativo a esta audiencia. Curiosamente, inclu\u00eda cualquier g\u00e9nero de m\u00fasica hecho por un artista negro, <a href=\"https:\/\/www.npr.org\/2020\/06\/15\/877384808\/is-this-the-end-for-urban-music\">de funk a hip-hop a disco<\/a>.<\/span><span style=\"font-weight: 400\"> En los \u00faltimos a\u00f1os, particularmente despu\u00e9s del resurgimiento del movimiento \u201cBlack Lives Matter\u201d en 2020, la industria de m\u00fasica estadounidense ha eliminado esta categor\u00eda; el Recording Academy sustituy\u00e9ndolo con <a href=\"https:\/\/www.bbc.com\/news\/entertainment-arts-52996675\">\u201cProgressive R&amp;B.\u201d<\/a><\/span><span style=\"font-weight: 400\">\u00a0<\/span><\/p>\n<p><img decoding=\"async\" class=\"wp-image-1410 alignleft\" title=\"Photo by Alex George on Unsplash\" src=\"https:\/\/spn320.mirzamperez.sites.grinnell.edu\/fall-2022\/wp-content\/uploads\/2022\/12\/alex-george-JAwGkwd2UM-unsplash-scaled.jpg\" alt=\"\" width=\"296\" height=\"394\" srcset=\"https:\/\/spn320.mirzamperez.sites.grinnell.edu\/fall-2022\/wp-content\/uploads\/2022\/12\/alex-george-JAwGkwd2UM-unsplash-scaled.jpg 1920w, https:\/\/spn320.mirzamperez.sites.grinnell.edu\/fall-2022\/wp-content\/uploads\/2022\/12\/alex-george-JAwGkwd2UM-unsplash-225x300.jpg 225w, https:\/\/spn320.mirzamperez.sites.grinnell.edu\/fall-2022\/wp-content\/uploads\/2022\/12\/alex-george-JAwGkwd2UM-unsplash-768x1024.jpg 768w, https:\/\/spn320.mirzamperez.sites.grinnell.edu\/fall-2022\/wp-content\/uploads\/2022\/12\/alex-george-JAwGkwd2UM-unsplash-1152x1536.jpg 1152w, https:\/\/spn320.mirzamperez.sites.grinnell.edu\/fall-2022\/wp-content\/uploads\/2022\/12\/alex-george-JAwGkwd2UM-unsplash-1536x2048.jpg 1536w, https:\/\/spn320.mirzamperez.sites.grinnell.edu\/fall-2022\/wp-content\/uploads\/2022\/12\/alex-george-JAwGkwd2UM-unsplash-676x901.jpg 676w\" sizes=\"(max-width: 296px) 100vw, 296px\" \/><\/p>\n<p><span style=\"font-weight: 400\">Los Latin Grammys fueron creados en 2000 por el Latin Recording Academy, agregando un premio por el \u201cBest Urban Album\u201d <a href=\"https:\/\/www.latingrammy.com\">en 2004.<\/a><\/span><span style=\"font-weight: 400\"> Interesantemente, <\/span><span style=\"color: #ff6600\"><strong>solamente 2 artistas negros lo han recibido en los 18 a\u00f1os desde su inicio<\/strong><\/span><span style=\"font-weight: 400\">: Don Omar en 2012 con <\/span><i><span style=\"font-weight: 400\">MTO2 New Generation<\/span><\/i><span style=\"font-weight: 400\"> y Tego Calder\u00f3n en 2015 con <\/span><i><span style=\"font-weight: 400\">El Que Sabe, Sabe<\/span><\/i><span style=\"font-weight: 400\">. Este deplorable hecho necesita estar equivocado, y refleja el estado de la actual industria musical. Casi cada g\u00e9nero de m\u00fasica popular hoy en d\u00eda tiene or\u00edgenes de m\u00fasicos negros, pero artistas blancos reciben la mayor\u00eda del \u00e9xito y moneda en un paisaje racista y capitalista. Adem\u00e1s, la categor\u00eda urbana funciona diferentemente en los US Grammys y Latin Grammys: \u201cUrban Contemporary\u201d ha recibido criticismo por su t\u00e1cito prop\u00f3sito de prevenir artistas negras de ganar en las <a href=\"https:\/\/edition.cnn.com\/2020\/01\/27\/entertainment\/tyler-the-creator-grammys-intl-scli\/index.html\">categor\u00edas principales<\/a>,<\/span><span style=\"font-weight: 400\"> pero \u201cBest Urban Album\u201d apenas tiene ganadores negros. A pesar de la asociaci\u00f3n negativa entre \u201curban\u201d y ser negro, los Latin Grammys no representan la diversidad de artistas latines.\u00a0<\/span><\/p>\n<p><span style=\"font-weight: 400\">Conversaci\u00f3n sobre apropiaci\u00f3n suele aparecer con m\u00e1s frecuencia con respeto al hip-hop y rap que el reggaeton. Me parece que es parcialmente por la percepci\u00f3n de latines como no blancos. Simplemente el uso del idioma de espa\u00f1ol cambia nuestra perspectiva de la blancura de un artista\u2014esto podr\u00eda afectar la discrepancia entre los Grammys y Latin Grammys.<\/span><\/p>\n<div id=\"attachment_1409\" style=\"width: 544px\" class=\"wp-caption aligncenter\"><img decoding=\"async\" aria-describedby=\"caption-attachment-1409\" class=\"wp-image-1409\" src=\"https:\/\/spn320.mirzamperez.sites.grinnell.edu\/fall-2022\/wp-content\/uploads\/2022\/12\/reggaeton-raices.png\" alt=\"\" width=\"534\" height=\"380\" srcset=\"https:\/\/spn320.mirzamperez.sites.grinnell.edu\/fall-2022\/wp-content\/uploads\/2022\/12\/reggaeton-raices.png 1160w, https:\/\/spn320.mirzamperez.sites.grinnell.edu\/fall-2022\/wp-content\/uploads\/2022\/12\/reggaeton-raices-300x214.png 300w, https:\/\/spn320.mirzamperez.sites.grinnell.edu\/fall-2022\/wp-content\/uploads\/2022\/12\/reggaeton-raices-1024x729.png 1024w, https:\/\/spn320.mirzamperez.sites.grinnell.edu\/fall-2022\/wp-content\/uploads\/2022\/12\/reggaeton-raices-768x547.png 768w, https:\/\/spn320.mirzamperez.sites.grinnell.edu\/fall-2022\/wp-content\/uploads\/2022\/12\/reggaeton-raices-676x481.png 676w\" sizes=\"(max-width: 534px) 100vw, 534px\" \/><p id=\"caption-attachment-1409\" class=\"wp-caption-text\"><em>Figura 1, Origen de Reggatoneros<\/em><\/p><\/div>\n<p><span style=\"font-weight: 400\">Mientras nosotros investigamos la comunidad e identidad y las ra\u00edces del reggaeton, para esta secci\u00f3n me interesa m\u00e1s las menciones del segundo. Por la asociaci\u00f3n de la categor\u00eda urbana con artistas negras, podemos entender cualquiera referencia al reggae, dembow, underground, o dancehall, los g\u00e9neros de donde evolucion\u00f3 el reggaeton, como un reconocimiento de los artistas negras que lo crearon. <span style=\"color: #ff6600\"><strong>Es notable que 11 de los 18 ganadores son puertorrique\u00f1os no negros<\/strong><strong>.<\/strong><\/span> Aunque nosotros incluimos la palabra \u201creggaeton,\u201d lo quit\u00e9 de esta gr\u00e1fica porque quiero solamente explorar las ra\u00edces del reggaeton, no cuando el artista canta sobre el g\u00e9nero que hace actualmente. En estos dos gr\u00e1ficos, podemos comparar las menciones de los or\u00edgenes del reggaeton en 2005 y 2018. Aunque la tendencia generalmente baja con el paso del tiempo, hay unas excepciones. Lo que me sorprende m\u00e1s es que J Balvin, un <\/span><span style=\"font-weight: 400\">latino blanco de Colombia, paga lo m\u00e1s homenaje a la creaci\u00f3n de reggaeton aparte de Daddy Yankee y Tego Calder\u00f3n, pioneros del g\u00e9nero que frecuentemente mencionan sus or\u00edgenes.<\/span><\/p>\n<div id=\"attachment_1414\" style=\"width: 1167px\" class=\"wp-caption aligncenter\"><img loading=\"lazy\" decoding=\"async\" aria-describedby=\"caption-attachment-1414\" class=\"wp-image-1414\" src=\"https:\/\/spn320.mirzamperez.sites.grinnell.edu\/fall-2022\/wp-content\/uploads\/2022\/12\/barrio-fino.png\" alt=\"\" width=\"1157\" height=\"432\" srcset=\"https:\/\/spn320.mirzamperez.sites.grinnell.edu\/fall-2022\/wp-content\/uploads\/2022\/12\/barrio-fino.png 1588w, https:\/\/spn320.mirzamperez.sites.grinnell.edu\/fall-2022\/wp-content\/uploads\/2022\/12\/barrio-fino-300x112.png 300w, https:\/\/spn320.mirzamperez.sites.grinnell.edu\/fall-2022\/wp-content\/uploads\/2022\/12\/barrio-fino-1024x383.png 1024w, https:\/\/spn320.mirzamperez.sites.grinnell.edu\/fall-2022\/wp-content\/uploads\/2022\/12\/barrio-fino-768x287.png 768w, https:\/\/spn320.mirzamperez.sites.grinnell.edu\/fall-2022\/wp-content\/uploads\/2022\/12\/barrio-fino-1536x575.png 1536w, https:\/\/spn320.mirzamperez.sites.grinnell.edu\/fall-2022\/wp-content\/uploads\/2022\/12\/barrio-fino-676x253.png 676w\" sizes=\"(max-width: 1157px) 100vw, 1157px\" \/><p id=\"caption-attachment-1414\" class=\"wp-caption-text\"><em>Figura 2, Visualizaci\u00f3n de <\/em>Barrio Fino <em>de Daddy Yankee<\/em><\/p><\/div>\n<div id=\"attachment_1411\" style=\"width: 1175px\" class=\"wp-caption aligncenter\"><img loading=\"lazy\" decoding=\"async\" aria-describedby=\"caption-attachment-1411\" class=\"wp-image-1411\" src=\"https:\/\/spn320.mirzamperez.sites.grinnell.edu\/fall-2022\/wp-content\/uploads\/2022\/12\/2018-balvin-vibras.png\" alt=\"\" width=\"1165\" height=\"471\" srcset=\"https:\/\/spn320.mirzamperez.sites.grinnell.edu\/fall-2022\/wp-content\/uploads\/2022\/12\/2018-balvin-vibras.png 2122w, https:\/\/spn320.mirzamperez.sites.grinnell.edu\/fall-2022\/wp-content\/uploads\/2022\/12\/2018-balvin-vibras-300x121.png 300w, https:\/\/spn320.mirzamperez.sites.grinnell.edu\/fall-2022\/wp-content\/uploads\/2022\/12\/2018-balvin-vibras-1024x414.png 1024w, https:\/\/spn320.mirzamperez.sites.grinnell.edu\/fall-2022\/wp-content\/uploads\/2022\/12\/2018-balvin-vibras-768x311.png 768w, https:\/\/spn320.mirzamperez.sites.grinnell.edu\/fall-2022\/wp-content\/uploads\/2022\/12\/2018-balvin-vibras-1536x621.png 1536w, https:\/\/spn320.mirzamperez.sites.grinnell.edu\/fall-2022\/wp-content\/uploads\/2022\/12\/2018-balvin-vibras-2048x828.png 2048w, https:\/\/spn320.mirzamperez.sites.grinnell.edu\/fall-2022\/wp-content\/uploads\/2022\/12\/2018-balvin-vibras-676x273.png 676w\" sizes=\"(max-width: 1165px) 100vw, 1165px\" \/><p id=\"caption-attachment-1411\" class=\"wp-caption-text\"><em>Figura 3, Visualizaci\u00f3n de <\/em>Vibras<em> de J Balvin<\/em><\/p><\/div>\n<p><span style=\"font-weight: 400\">Antes de concluir, quiero discutir brevemente las limitaciones de usar un programa como VoyantTools. Por ejemplo, cuando buscamos la palabra \u201cfamilia\u201d para nuestra categor\u00eda de comunidad, la falta de esa palabra no significa que no hay ninguna menci\u00f3n de la familia, porque el artista podr\u00eda usar palabras espec\u00edficas como \u201cmadre, abuela, hermano y t\u00edo,\u201d y es bastante dif\u00edcil contar cada variaci\u00f3n. Lo mismo aplica con la categor\u00eda de las ra\u00edces del reggaeton: no podemos encontrar referencias a artistas espec\u00edficas que reciben cr\u00e9dito para sus contribuciones al g\u00e9nero, como hace J Balvin en su canci\u00f3n \u201cReggaeton\u201d donde da homenaje a sus predecesores, y Bad Bunny en \u201cEL MUNDO ES M\u00cdO.\u201d Finalmente, hay mucho slang que previene un programa analitico de entender el significado verdadero de una palabra acortada.\u00a0<\/span><\/p>\n<p><span style=\"font-weight: 400\">Por supuesto, el blanqueamiento de la industria musical es un problema complejo, con factores como algoritmos en redes sociales que tienen prejuicio, limitando la visibilidad de creativos no blancos. La apropiaci\u00f3n es un problema que persiste porque cambios permanentes s\u00f3lo pueden ocurrir con cambios de la estructura social, pero la eliminaci\u00f3n de la categor\u00eda \u201cBest Urban Album\u201d ser\u00eda un paso positivo.<\/span><\/p>\n","protected":false},"excerpt":{"rendered":"<p>1974: Frankie Crocker, un locutor de radio negro, crea la categor\u00eda \u201curban contemporary\u201d para facilitar la difusi\u00f3n de m\u00fasica de artistas negras a una audiencia blanca de la cultura dominante. Previamente conocido como \u201crace music,\u201d este renombrar permiti\u00f3 la separaci\u00f3n del m\u00fasico negro y su m\u00fasica, haci\u00e9ndolo m\u00e1s agradable y lucrativo a esta audiencia. Curiosamente, [&hellip;]<\/p>\n","protected":false},"author":35,"featured_media":0,"comment_status":"closed","ping_status":"closed","sticky":false,"template":"","format":"standard","meta":{"footnotes":""},"categories":[1],"tags":[],"class_list":["post-1408","post","type-post","status-publish","format-standard","hentry","category-uncategorized","post-preview"],"_links":{"self":[{"href":"https:\/\/spn320.mirzamperez.sites.grinnell.edu\/fall-2022\/wp-json\/wp\/v2\/posts\/1408","targetHints":{"allow":["GET"]}}],"collection":[{"href":"https:\/\/spn320.mirzamperez.sites.grinnell.edu\/fall-2022\/wp-json\/wp\/v2\/posts"}],"about":[{"href":"https:\/\/spn320.mirzamperez.sites.grinnell.edu\/fall-2022\/wp-json\/wp\/v2\/types\/post"}],"author":[{"embeddable":true,"href":"https:\/\/spn320.mirzamperez.sites.grinnell.edu\/fall-2022\/wp-json\/wp\/v2\/users\/35"}],"replies":[{"embeddable":true,"href":"https:\/\/spn320.mirzamperez.sites.grinnell.edu\/fall-2022\/wp-json\/wp\/v2\/comments?post=1408"}],"version-history":[{"count":14,"href":"https:\/\/spn320.mirzamperez.sites.grinnell.edu\/fall-2022\/wp-json\/wp\/v2\/posts\/1408\/revisions"}],"predecessor-version":[{"id":1474,"href":"https:\/\/spn320.mirzamperez.sites.grinnell.edu\/fall-2022\/wp-json\/wp\/v2\/posts\/1408\/revisions\/1474"}],"wp:attachment":[{"href":"https:\/\/spn320.mirzamperez.sites.grinnell.edu\/fall-2022\/wp-json\/wp\/v2\/media?parent=1408"}],"wp:term":[{"taxonomy":"category","embeddable":true,"href":"https:\/\/spn320.mirzamperez.sites.grinnell.edu\/fall-2022\/wp-json\/wp\/v2\/categories?post=1408"},{"taxonomy":"post_tag","embeddable":true,"href":"https:\/\/spn320.mirzamperez.sites.grinnell.edu\/fall-2022\/wp-json\/wp\/v2\/tags?post=1408"}],"curies":[{"name":"wp","href":"https:\/\/api.w.org\/{rel}","templated":true}]}}